{"id":17369,"date":"2023-12-04T17:21:50","date_gmt":"2023-12-04T16:21:50","guid":{"rendered":"https:\/\/www.gaches.com\/?p=17369"},"modified":"2023-12-04T17:21:50","modified_gmt":"2023-12-04T16:21:50","slug":"etude-de-cas-hotellerie","status":"publish","type":"post","link":"https:\/\/www.gaches.com\/nl\/etude-de-cas-hotellerie\/","title":{"rendered":"Casestudy \u2013 H\u00f4tellerie"},"content":{"rendered":"<p>Etude de cas &#8211; Installation du GARO\u00aeTEK au sein d&rsquo;une laverie d&rsquo;un h\u00f4tel<\/p>\n<p>A l&rsquo;occasion de l&rsquo;\u00e9mission <a href=\"https:\/\/www.bfmtv.com\/economie\/replay-emissions\/la-france-au-defi\/la-france-au-defi-mardi-17-octobre_VN-202310171074.html\" target=\"_blank\" rel=\"noopener\">\u00ab\u00a0La France au d\u00e9fi\u00a0\u00bb<\/a> diffus\u00e9e sur BFM Business, un reportage a \u00e9t\u00e9 r\u00e9alis\u00e9 \u00e0 l&rsquo;h\u00f4tel BRACH mettant en lumi\u00e8re l&rsquo;utilisation du proc\u00e9d\u00e9 GARO\u00aeTEK dans le cadre de sa strat\u00e9gie associant \u00e9cologie et \u00e9conomie.<\/p>\n<p>Quelques chiffres :<\/p>\n<p>Machines \u00e0 laverd&rsquo;utilisationde linge lav\u00e9<\/p>\n<p>R\u00e9sultats apr\u00e8s installation du GARO\u00aeTEK :<\/p>\n<p>Linge en plus trait\u00e9 depuis l&rsquo;installation : <strong>+33%\u00a0<\/strong><\/p>\n<p>\u00c9conomie d&rsquo;eau entre <strong>40 et 50%<\/strong><\/p>\n<p>\u00c9conomie d&rsquo;\u00e9n\u00e9rgie de plus de <strong>85%<\/strong><\/p>\n<p>Baisse de la temp\u00e9rature du local \u00e0 <strong>25\u00b0C<\/strong><\/p>\n<p>Meer weten<\/p>\n<p style=\"text-align: center;\"><span style=\"color: #ffffff;\">Onze experts staan voor u klaar<\/span><\/p>\n<p style=\"text-align: center;\"><strong><span style=\"color: #ffffff;\">Tel: +33 6 64 71 26 55<\/span><\/strong><\/p>\n<p>InformatieverzoekOffert aanvraag<\/p>","protected":false},"excerpt":{"rendered":"<p>Etude de cas &#8211; Installation du GARO\u00aeTEK au sein d&rsquo;une laverie d&rsquo;un h\u00f4tel A l&rsquo;occasion de l&rsquo;\u00e9mission \u00ab\u00a0La France au d\u00e9fi\u00a0\u00bb diffus\u00e9e sur BFM Business, un reportage a \u00e9t\u00e9 r\u00e9alis\u00e9 \u00e0 l&rsquo;h\u00f4tel BRACH mettant en lumi\u00e8re l&rsquo;utilisation du proc\u00e9d\u00e9 GARO\u00aeTEK dans le cadre de sa strat\u00e9gie associant \u00e9cologie et \u00e9conomie. Quelques chiffres : Machines \u00e0 [&hellip;]<\/p>\n","protected":false},"author":8,"featured_media":17374,"comment_status":"closed","ping_status":"open","sticky":false,"template":"","format":"standard","meta":{"_themeisle_gutenberg_block_has_review":false,"footnotes":""},"categories":[23],"tags":[],"class_list":["post-17369","post","type-post","status-publish","format-standard","has-post-thumbnail","hentry","category-otek"],"_links":{"self":[{"href":"https:\/\/www.gaches.com\/nl\/wp-json\/wp\/v2\/posts\/17369","targetHints":{"allow":["GET"]}}],"collection":[{"href":"https:\/\/www.gaches.com\/nl\/wp-json\/wp\/v2\/posts"}],"about":[{"href":"https:\/\/www.gaches.com\/nl\/wp-json\/wp\/v2\/types\/post"}],"author":[{"embeddable":true,"href":"https:\/\/www.gaches.com\/nl\/wp-json\/wp\/v2\/users\/8"}],"replies":[{"embeddable":true,"href":"https:\/\/www.gaches.com\/nl\/wp-json\/wp\/v2\/comments?post=17369"}],"version-history":[{"count":0,"href":"https:\/\/www.gaches.com\/nl\/wp-json\/wp\/v2\/posts\/17369\/revisions"}],"wp:featuredmedia":[{"embeddable":true,"href":"https:\/\/www.gaches.com\/nl\/wp-json\/wp\/v2\/media\/17374"}],"wp:attachment":[{"href":"https:\/\/www.gaches.com\/nl\/wp-json\/wp\/v2\/media?parent=17369"}],"wp:term":[{"taxonomy":"category","embeddable":true,"href":"https:\/\/www.gaches.com\/nl\/wp-json\/wp\/v2\/categories?post=17369"},{"taxonomy":"post_tag","embeddable":true,"href":"https:\/\/www.gaches.com\/nl\/wp-json\/wp\/v2\/tags?post=17369"}],"curies":[{"name":"wp","href":"https:\/\/api.w.org\/{rel}","templated":true}]}}