{"id":17454,"date":"2024-03-14T12:57:37","date_gmt":"2024-03-14T11:57:37","guid":{"rendered":"https:\/\/www.gaches.com\/?p=17454"},"modified":"2024-03-14T12:57:37","modified_gmt":"2024-03-14T11:57:37","slug":"l-ozone-en-blanchisserie-innovation-et-retours-d-experience","status":"publish","type":"post","link":"https:\/\/www.gaches.com\/es\/l-ozone-en-blanchisserie-innovation-et-retours-d-experience\/","title":{"rendered":"El ozono en lavander\u00eda: innovaci\u00f3n y experiencias."},"content":{"rendered":"<h1>L&rsquo;ozone en blanchisserie : un dossier complet dans \u00ab\u00a0Entretien Textile\u00a0\u00bb de Mars-Avril 2024<\/h1>\n<p>Dans son \u00e9dition de Mars-Avril 2024, <a href=\"https:\/\/www.entretien-textile.fr\/\" target=\"_blank\" rel=\"noopener\">Mantenimiento Textil<\/a> se penche sur l&rsquo;usage de l&rsquo;ozone dans le domaine de la blanchisserie. \u00c0 travers un dossier complet, nous explorons les impacts, les avantages, et les d\u00e9fis de cette technologie qui conjugue efficacit\u00e9 et respect de l&rsquo;environnement.<br \/>\nD\u00e9couvrez le syst\u00e8me<strong> GARO\u00aeTek<\/strong> de Gaches Chimie \u00e0 travers des analyses d&rsquo;experts et des t\u00e9moignages clients. Ce num\u00e9ro apporte un \u00e9clairage essentiel sur la place de l&rsquo;ozone dans l&rsquo;avenir de la blanchisserie professionnelle.<\/p>\n<p>L&rsquo;article \u00e9voque notre syst\u00e8me <a href=\"https:\/\/www.gaches.com\/es\/otek\/\">GARO\u00aeTek<\/a>, en tant que pionnier dans le secteur.<\/p>\n<p>Il souligne son efficacit\u00e9 et ses b\u00e9n\u00e9fices environnementaux mais l&rsquo;article aborde \u00e9galement les avantages du syst\u00e8me GARO\u00aeTek au-del\u00e0 des \u00e9conomies d&rsquo;eau et d&rsquo;\u00e9nergie.<\/p>\n<p>https:\/\/www.gaches.com\/wp-content\/uploads\/2024\/03\/Capture4.png<\/p>\n<p><strong>Franck David,<\/strong> g\u00e9rant de la blanchisserie Nelly dans le Vaucluse, partage son exp\u00e9rience depuis l&rsquo;adoption du syst\u00e8me GARO\u00aeTek en 2015:<\/p>\n<blockquote><p><em>\u00ab\u00a0Au d\u00e9part mon objectif \u00e9tait \u00e9conomique et environnemental. R\u00e9duire les consommations d\u2019eau et d\u2019\u00e9lectricit\u00e9  <\/em><em>Tout d\u2019abord des cycles plus courts permettent d\u2019accro\u00eetre la productivit\u00e9\u2009; on peut ainsi faire plus de cycles sur une journ\u00e9e de travail.  Le blanc est \u00e9clatant et les couleurs plus vives m\u00eame apr\u00e8s plusieurs lavages. Le textile n\u2019est pas \u00ab\u2009cass\u00e9\u2009\u00bb par le choc thermique et plus souple il se repasse mieux. Enfin j\u2019ai constat\u00e9 que la long\u00e9vit\u00e9 du linge \u00e9tait augment\u00e9e.<\/em> \u00bb<\/p><\/blockquote>\n<p>Son t\u00e9moignage aborde \u00e9galement la s\u00e9curit\u00e9 de l&rsquo;appareil, il mentionne :<\/p>\n<blockquote><p><em>\u00ab Quant \u00e0 la s\u00e9curit\u00e9 de l\u2019appareil le technicien de Garo Tek vient contr\u00f4ler r\u00e9guli\u00e8rement l\u2019appareil et en neuf ans nous n\u2019avons jamais eu d\u2019\u00e9manation d\u2019ozone ni de VLEP anormale. \u00bb<\/em><\/p><\/blockquote>\n<p>https:\/\/www.gaches.com\/wp-content\/uploads\/2024\/03\/Capture3.png<\/p>\n<p><strong>Marc Drezen<\/strong>, de la Toulousaine de Sant\u00e9, partage \u00e9galement son exp\u00e9rience avec le syst\u00e8me Garo Tek et met en lumi\u00e8re sa confiance dans son efficacit\u00e9 antibact\u00e9rienne :<\/p>\n<blockquote><p><em>\u00ab J\u2019utilise le proc\u00e9d\u00e9 Garo Tek depuis pr\u00e8s de dix ans pour le linge de r\u00e9sidents et je n\u2019ai jamais eu de probl\u00e8me en ce qui concerne la bact\u00e9rio.  <\/em><em>Compte tenu de l\u2019\u00e9conomie que je r\u00e9alise en lavant \u00e0 froid, c\u2019est un proc\u00e9d\u00e9 que je vais continuer \u00e0 utiliser. \u00bb<\/em><\/p><\/blockquote>\n<p><strong>Pour plus d&rsquo;informations, veuillez contacter :<\/strong><br \/>\nPauline Debaisieux<br \/>\nDirectrice Activit\u00e9 Entretien Textile<br \/>\n+33 6 64 71 28 55<br \/>\npdebaisieux@gaches.com<\/p>\n<p style=\"text-align: center;\"><span style=\"color: #ffffff;\">Nuestros expertos est\u00e1n a su disposici\u00f3n<\/span><\/p>\n<p style=\"text-align: center;\"><span style=\"color: #ffffff;\">Tel.: +33 5 61 44 67 67\u00a0<\/span><\/p>\n<p>Solicitud de informaci\u00f3nSolicitud de presupuesto<\/p>","protected":false},"excerpt":{"rendered":"<p>L&rsquo;ozone en blanchisserie : un dossier complet dans \u00ab\u00a0Entretien Textile\u00a0\u00bb de Mars-Avril 2024 Dans son \u00e9dition de Mars-Avril 2024, Entretien Textile se penche sur l&rsquo;usage de l&rsquo;ozone dans le domaine de la blanchisserie. \u00c0 travers un dossier complet, nous explorons les impacts, les avantages, et les d\u00e9fis de cette technologie qui conjugue efficacit\u00e9 et respect [&hellip;]<\/p>\n","protected":false},"author":8,"featured_media":17457,"comment_status":"closed","ping_status":"open","sticky":false,"template":"","format":"standard","meta":{"_themeisle_gutenberg_block_has_review":false,"footnotes":""},"categories":[20,23],"tags":[],"class_list":["post-17454","post","type-post","status-publish","format-standard","has-post-thumbnail","hentry","category-actualites","category-otek"],"_links":{"self":[{"href":"https:\/\/www.gaches.com\/es\/wp-json\/wp\/v2\/posts\/17454","targetHints":{"allow":["GET"]}}],"collection":[{"href":"https:\/\/www.gaches.com\/es\/wp-json\/wp\/v2\/posts"}],"about":[{"href":"https:\/\/www.gaches.com\/es\/wp-json\/wp\/v2\/types\/post"}],"author":[{"embeddable":true,"href":"https:\/\/www.gaches.com\/es\/wp-json\/wp\/v2\/users\/8"}],"replies":[{"embeddable":true,"href":"https:\/\/www.gaches.com\/es\/wp-json\/wp\/v2\/comments?post=17454"}],"version-history":[{"count":0,"href":"https:\/\/www.gaches.com\/es\/wp-json\/wp\/v2\/posts\/17454\/revisions"}],"wp:featuredmedia":[{"embeddable":true,"href":"https:\/\/www.gaches.com\/es\/wp-json\/wp\/v2\/media\/17457"}],"wp:attachment":[{"href":"https:\/\/www.gaches.com\/es\/wp-json\/wp\/v2\/media?parent=17454"}],"wp:term":[{"taxonomy":"category","embeddable":true,"href":"https:\/\/www.gaches.com\/es\/wp-json\/wp\/v2\/categories?post=17454"},{"taxonomy":"post_tag","embeddable":true,"href":"https:\/\/www.gaches.com\/es\/wp-json\/wp\/v2\/tags?post=17454"}],"curies":[{"name":"wp","href":"https:\/\/api.w.org\/{rel}","templated":true}]}}