{"id":17668,"date":"2024-10-04T11:22:43","date_gmt":"2024-10-04T09:22:43","guid":{"rendered":"https:\/\/www.gaches.com\/?p=17668"},"modified":"2024-10-04T11:22:43","modified_gmt":"2024-10-04T09:22:43","slug":"journee-portes-ouvertes-et-remise-des-medailles-du-travail","status":"publish","type":"post","link":"https:\/\/www.gaches.com\/de\/journee-portes-ouvertes-et-remise-des-medailles-du-travail\/","title":{"rendered":"Journ\u00e9e portes ouvertes et remise des m\u00e9dailles du travail"},"content":{"rendered":"<h1 style=\"text-align: center;\">Journ\u00e9e Portes Ouvertes et remise des m\u00e9dailles du travail<\/h1>\n<p>Le samedi 7 septembre 2024, notre site d&rsquo;Escalquens a accueilli les familles de nos collaborateurs et les enfants de la commune pour une Journ\u00e9e Portes Ouvertes.<\/p>\n<p>La journ\u00e9e s\u2019est d\u00e9roul\u00e9e en 3 s\u00e9quences :<\/p>\n<p>&#8211; La premi\u00e8re, pour \u00e9veiller la curiosit\u00e9 des petits et des grands autour de 5 ateliers interactifs li\u00e9s \u00e0 nos m\u00e9tiers (la chimie, la s\u00e9curit\u00e9, la logistique).<\/p>\n<p>&#8211; La deuxi\u00e8me, l\u2019un des moments forts de cette journ\u00e9e, a \u00e9t\u00e9 la remise des m\u00e9dailles du travail honorant la fid\u00e9lit\u00e9 de plus de 40 collaborateurs avec plus de 20 ans d&rsquo;anciennet\u00e9.<\/p>\n<p>&#8211; Et enfin, nous avons proc\u00e9d\u00e9 \u00e0 la pose d\u2019une plaque comm\u00e9morative en l&rsquo;honneur de Ma\u00efr Bendayan, qui a marqu\u00e9 l\u2019histoire de Gaches Chimie par son engagement en tant qu\u2019avocat et CAC.<\/p>\n<p style=\"text-align: left;\">Pour en savoir plus sur le Groupe Gaches Chimie, <a href=\"https:\/\/www.gaches.com\/de\/le-groupe-gaches-chimie\/\">cliquez ici<\/a><\/p>\n<p>https:\/\/www.gaches.com\/wp-content\/uploads\/2024\/10\/IMG_5509-scaled.jpeghttps:\/\/www.gaches.com\/wp-content\/uploads\/2024\/10\/IMG_5501-scaled.jpeg<\/p>\n<p><strong>Discours de Pierre Gaches,<\/strong> PDG de Gaches Chimie, durant la Journ\u00e9e Portes Ouvertes :<\/p>\n<blockquote><p><em>\u00ab\u00a0Les Journ\u00e9es Portes Ouvertes permettent de donner aux enfants du contenu et du sens au travail de leurs parents, de d\u00e9couvrir l\u2019industrie, de d\u00e9couvrir des technologies de la science et de mat\u00e9rialiser le travail transg\u00e9n\u00e9rationnel r\u00e9alis\u00e9 en commun et en \u00eatre fier. <\/em><\/p>\n<p><em>La pause de la plaque <\/em><em>en souvenir de la participation \u00e0 l\u2019\u0153uvre commune d\u2019anciens qui ont dans la dur\u00e9e, marqu\u00e9 l\u2019entreprise : c\u2019est une tradition, c\u2019est un hommage pour que les nouveaux sachent qu\u2019ils sont l\u00e0 gr\u00e2ce \u00e0 eux.<\/em><\/p>\n<p><em>La remise des M\u00e9dailles du Travail donne l\u2019occasion de formaliser <u>la gratitude de l\u2019entreprise<\/u> et de ses dirigeants \u00e0 ceux qui contribuent \u00e0 sa r\u00e9ussite et qui ont accept\u00e9 de vivre ensemble un <u>marathon de vie<\/u> professionnelle. A contrario des tendances <u>d\u2019implications \u00e9ph\u00e9m\u00e8res<\/u> qui par effet de mode peuvent \u00eatre v\u00e9cues \u00e7\u00e0 et l\u00e0. <\/em>\u00bb<\/p><\/blockquote>\n<p>Son t\u00e9moignage s&rsquo;adresse particuli\u00e8rement aux m\u00e9daill\u00e9es :<\/p>\n<blockquote><p><em>\u00ab Mes f\u00e9licitations et remerciements vont \u00e0 chacun d\u2019entre vous, mais aussi et surtout \u00e0 l\u2019\u00e9quipe impressionnante en nombre que vous formez, 46 personnes, auxquelles s\u2019associent celles qui prennent le m\u00eame chemin et celles qui nous ont pr\u00e9c\u00e9d\u00e9es. \u00bb<\/em><\/p><\/blockquote>\n<p>https:\/\/www.gaches.com\/wp-content\/uploads\/2024\/10\/2a537dfb-823d-4da3-b6b6-23f88e0fabae.jpg<\/p>\n<p style=\"text-align: center;\"><span style=\"color: #ffffff;\">Nos experts sont \u00e0 votre \u00e9coute<\/span><\/p>\n<p style=\"text-align: center;\"><span style=\"color: #ffffff;\">Tel: +33 5 61 44 67 67\u00a0<\/span><\/p>\n<p>Demande d&rsquo;informationDemande de devis<\/p>","protected":false},"excerpt":{"rendered":"<p>Journ\u00e9e Portes Ouvertes et remise des m\u00e9dailles du travail Le samedi 7 septembre 2024, notre site d&rsquo;Escalquens a accueilli les familles de nos collaborateurs et les enfants de la commune pour une Journ\u00e9e Portes Ouvertes. La journ\u00e9e s\u2019est d\u00e9roul\u00e9e en 3 s\u00e9quences : &#8211; La premi\u00e8re, pour \u00e9veiller la curiosit\u00e9 des petits et des grands [&hellip;]<\/p>\n","protected":false},"author":8,"featured_media":17674,"comment_status":"closed","ping_status":"open","sticky":false,"template":"","format":"standard","meta":{"_themeisle_gutenberg_block_has_review":false,"footnotes":""},"categories":[20],"tags":[],"class_list":["post-17668","post","type-post","status-publish","format-standard","has-post-thumbnail","hentry","category-actualites"],"_links":{"self":[{"href":"https:\/\/www.gaches.com\/de\/wp-json\/wp\/v2\/posts\/17668","targetHints":{"allow":["GET"]}}],"collection":[{"href":"https:\/\/www.gaches.com\/de\/wp-json\/wp\/v2\/posts"}],"about":[{"href":"https:\/\/www.gaches.com\/de\/wp-json\/wp\/v2\/types\/post"}],"author":[{"embeddable":true,"href":"https:\/\/www.gaches.com\/de\/wp-json\/wp\/v2\/users\/8"}],"replies":[{"embeddable":true,"href":"https:\/\/www.gaches.com\/de\/wp-json\/wp\/v2\/comments?post=17668"}],"version-history":[{"count":0,"href":"https:\/\/www.gaches.com\/de\/wp-json\/wp\/v2\/posts\/17668\/revisions"}],"wp:featuredmedia":[{"embeddable":true,"href":"https:\/\/www.gaches.com\/de\/wp-json\/wp\/v2\/media\/17674"}],"wp:attachment":[{"href":"https:\/\/www.gaches.com\/de\/wp-json\/wp\/v2\/media?parent=17668"}],"wp:term":[{"taxonomy":"category","embeddable":true,"href":"https:\/\/www.gaches.com\/de\/wp-json\/wp\/v2\/categories?post=17668"},{"taxonomy":"post_tag","embeddable":true,"href":"https:\/\/www.gaches.com\/de\/wp-json\/wp\/v2\/tags?post=17668"}],"curies":[{"name":"wp","href":"https:\/\/api.w.org\/{rel}","templated":true}]}}